{"id":593,"date":"2025-06-13T10:25:14","date_gmt":"2025-06-13T06:25:14","guid":{"rendered":"https:\/\/iremi.univ-reunion.fr\/?p=593"},"modified":"2026-04-10T11:12:40","modified_gmt":"2026-04-10T07:12:40","slug":"appel-a-candidature-ateliers-recherche-action-2025-2026","status":"publish","type":"post","link":"https:\/\/iremi.univ-reunion.fr\/?p=593","title":{"rendered":"Appel \u00e0 candidature &#8211; Ateliers recherche\/action 2025-2026"},"content":{"rendered":"\n<p><\/p>\n\n\n\n<p>L\u2019IREMI lance un appel aux enseignants du premier et du second degr\u00e9 souhaitant s\u2019investir dans un <strong>atelier de recherche-production (recherche-action conduisant \u00e0 la production de ressources p\u00e9dagogiques) <\/strong>ou dans l\u2019<strong>animation du rallye 974 Maths<\/strong>&nbsp; ou des <strong>OIOI <\/strong>pendant l\u2019ann\u00e9e 2025-2026.<\/p>\n\n\n\n<div class=\"wp-block-file\"><a id=\"wp-block-file--media-673a195b-858d-4d20-945c-eb148f209248\" href=\"https:\/\/iremi.univ-reunion.fr\/wp-content\/uploads\/2025\/06\/irem_fiche_de_candidature-2025-2026.odt\">irem_fiche_de_candidature-2025-2026<\/a><a href=\"https:\/\/iremi.univ-reunion.fr\/wp-content\/uploads\/2025\/06\/irem_fiche_de_candidature-2025-2026.odt\" class=\"wp-block-file__button wp-element-button\" download aria-describedby=\"wp-block-file--media-673a195b-858d-4d20-945c-eb148f209248\">T\u00e9l\u00e9charger<\/a><\/div>\n\n\n\n<p>La fiche de candidature est \u00e0 renvoyer par voie \u00e9lectronique&nbsp; \u00e0 l&rsquo;adresse marion.le-gonidec[at]univ-reunion.fr avant le<strong> 30 juin 2025.<\/strong><\/p>\n\n\n\n<p><\/p>\n\n\n\n<p>N&rsquo;h\u00e9sitez pas \u00e0 partager cet appel ou \u00e0 nous \u00e9crire si vous voulez des renseignements suppl\u00e9mentaires.<\/p>\n\n\n\n<p>Le conseil scientifique de l\u2019IREMI examinera d\u00e9but juillet les demandes re\u00e7ues et s\u00e9lectionnera les meilleurs projets.<\/p>\n\n\n\n<p>Les projets doivent \u00eatre soumis par <strong>un groupe d\u2019au moins deux enseignants<\/strong> et peuvent impliquer des enseignants d\u2019autres disciplines que les math\u00e9matiques.&nbsp;<\/p>\n\n\n\n<p>Si vous avez une id\u00e9e mais que vous n&rsquo;avez pas de bin\u00f4me, nous pouvons vous mettre en contact avec d&rsquo;autres enseignants qui pourraient \u00eatre int\u00e9ress\u00e9s.<\/p>\n\n\n\n<ul class=\"wp-block-list\">\n<li><strong>A. Cycles 1,2 &amp; 3<\/strong> &#8211; R\u00e9solution de probl\u00e8mes, calcul mental, apprentissage par le jeu, introduction \u00e0 l\u2019algorithmique, vocabulaire<\/li>\n\n\n\n<li><strong>B. Liaisons<\/strong> &#8211; Culture commune et continuit\u00e9 des apprentissages, r\u00e9solution de probl\u00e8mes du cycle 1 au cycle 4, laboratoires de math et Unit\u00e9s apprenantes<\/li>\n\n\n\n<li><strong>C. Algorithmique, Informatique et sciences du num\u00e9rique<\/strong> &#8211; D\u00e9marche de projet en NSI, \u00c9valuation en NSI &amp; SNT ( par comp\u00e9tences,&#8230;), Continuit\u00e9 des apprentissages: des blocs \u00e0 Python.<\/li>\n\n\n\n<li><strong>D. D\u00e9marche scientifique, esprit critique et interdisciplinarit\u00e9<\/strong> &#8211; Interactions avec les sciences exp\u00e9rimentales, cognitives &amp; humaines, Grand oral, ESM<\/li>\n\n\n\n<li><strong>E. <\/strong><strong>Maths <\/strong><strong>et sciences pour tous et toutes &#8211;\u00a0 <\/strong>Diff\u00e9renciation, \u00e9l\u00e8ves \u00e0 besoin \u00e9ducatifs particuliers Classes coop\u00e9ratives, enseignement explicite en maths, oral, hybridation, \u00e9l\u00e8ves allophones.<\/li>\n<\/ul>\n\n\n\n<p>Il est permis de proposer <strong>tout th\u00e8me de recherche en lien avec l\u2019enseignement des math\u00e9matiques ou de l\u2019informatique.<\/strong><\/p>\n\n\n\n<p>Toutefois, l\u2019IREMI encourage les enseignants \u00e0 s\u2019inscrire dans les th\u00e8mes prioritaires d\u00e9finis en concertation avec l\u2019inspection p\u00e9dagogique r\u00e9gionale de math\u00e9matiques et l\u2019inspection p\u00e9dagogique de math\u00e9matiques-sciences dans la voie professionnelle&nbsp;:<\/p>\n\n\n\n<p>Pour les enseignants du second degr\u00e9, les candidats retenus pourront, dans la limites de moyens, percevoir une r\u00e9mun\u00e9ration du rectorat sous la forme d\u2019IMP (Indemnit\u00e9 pour mission particuli\u00e8re). Pour les enseignants du premier degr\u00e9, vous rapprocher de votre IEN pour voir dans quelle mesure votre participation \u00e0 ces ateliers peut \u00eatre soumis \u00e0 un pacte Enseignant innovation (L&rsquo;IREMI soutiendra votre demande).<\/p>\n\n\n\n<p>La participation \u00e0 ces ateliers engage les enseignants qui y participent&nbsp; \u00e0 mener des recherches-actions et \u00e0 produire des ressources qui seront mises en ligne des tous sur notre site (en refonte actuellement)&nbsp; et \u00e0 participer le plus r\u00e9guli\u00e8rement possible aux s\u00e9minaires mensuels&nbsp; o\u00f9 sont notamment pr\u00e9sent\u00e9s les avanc\u00e9es des ateliers.<\/p>\n","protected":false},"excerpt":{"rendered":"<p>L\u2019IREMI lance un appel aux enseignants du premier et du second degr\u00e9 souhaitant s\u2019investir dans un atelier de recherche-production (recherche-action conduisant \u00e0 la production de ressources p\u00e9dagogiques) ou dans l\u2019animation du rallye 974 Maths&nbsp; ou des OIOI pendant l\u2019ann\u00e9e 2025-2026. La fiche de candidature est \u00e0 renvoyer par voie \u00e9lectronique&nbsp; \u00e0 l&rsquo;adresse marion.le-gonidec[at]univ-reunion.fr avant le [&hellip;]<\/p>\n","protected":false},"author":2,"featured_media":0,"comment_status":"open","ping_status":"open","sticky":false,"template":"","format":"standard","meta":{"footnotes":""},"categories":[1],"tags":[],"coauthors":[41],"class_list":["post-593","post","type-post","status-publish","format-standard","hentry","category-non-classe"],"_links":{"self":[{"href":"https:\/\/iremi.univ-reunion.fr\/index.php?rest_route=\/wp\/v2\/posts\/593","targetHints":{"allow":["GET"]}}],"collection":[{"href":"https:\/\/iremi.univ-reunion.fr\/index.php?rest_route=\/wp\/v2\/posts"}],"about":[{"href":"https:\/\/iremi.univ-reunion.fr\/index.php?rest_route=\/wp\/v2\/types\/post"}],"author":[{"embeddable":true,"href":"https:\/\/iremi.univ-reunion.fr\/index.php?rest_route=\/wp\/v2\/users\/2"}],"replies":[{"embeddable":true,"href":"https:\/\/iremi.univ-reunion.fr\/index.php?rest_route=%2Fwp%2Fv2%2Fcomments&post=593"}],"version-history":[{"count":3,"href":"https:\/\/iremi.univ-reunion.fr\/index.php?rest_route=\/wp\/v2\/posts\/593\/revisions"}],"predecessor-version":[{"id":1989,"href":"https:\/\/iremi.univ-reunion.fr\/index.php?rest_route=\/wp\/v2\/posts\/593\/revisions\/1989"}],"wp:attachment":[{"href":"https:\/\/iremi.univ-reunion.fr\/index.php?rest_route=%2Fwp%2Fv2%2Fmedia&parent=593"}],"wp:term":[{"taxonomy":"category","embeddable":true,"href":"https:\/\/iremi.univ-reunion.fr\/index.php?rest_route=%2Fwp%2Fv2%2Fcategories&post=593"},{"taxonomy":"post_tag","embeddable":true,"href":"https:\/\/iremi.univ-reunion.fr\/index.php?rest_route=%2Fwp%2Fv2%2Ftags&post=593"},{"taxonomy":"author","embeddable":true,"href":"https:\/\/iremi.univ-reunion.fr\/index.php?rest_route=%2Fwp%2Fv2%2Fcoauthors&post=593"}],"curies":[{"name":"wp","href":"https:\/\/api.w.org\/{rel}","templated":true}]}}