{"id":452,"date":"2025-06-11T12:29:54","date_gmt":"2025-06-11T08:29:54","guid":{"rendered":"https:\/\/iremi.univ-reunion.fr\/?p=452"},"modified":"2025-06-13T15:19:48","modified_gmt":"2025-06-13T11:19:48","slug":"le-guide-rallye-974-maths-cle-en-main","status":"publish","type":"post","link":"https:\/\/iremi.univ-reunion.fr\/?p=452","title":{"rendered":"Le guide \u00ab\u00a0Rallye 974 Maths \u2013 Cl\u00e9 en main\u00a0\u00bb"},"content":{"rendered":"\n<p class=\"is-style-text-subtitle is-style-text-subtitle--1\">Il revient en ligne : une mine d\u2019or p\u00e9dagogique au service de l\u2019innovation !<\/p>\n\n\n\n<p><strong>C\u2019est un \u00e9v\u00e9nement pour la communaut\u00e9 \u00e9ducative de La R\u00e9union et bien au-del\u00e0 : le guide complet du \u00ab\u00a0Rallye 974 Maths \u2013 Cl\u00e9 en main (2014-2020)\u00a0\u00bb est enfin de retour en ligne.<\/strong><\/p>\n\n\n\n<div class=\"wp-block-buttons is-content-justification-center is-layout-flex wp-container-core-buttons-is-layout-a89b3969 wp-block-buttons-is-layout-flex\">\n<div class=\"wp-block-button\"><a class=\"wp-block-button__link wp-element-button\" href=\"https:\/\/drive.google.com\/file\/d\/1xaiyHGEFr8m50rvHglrEzZ9E0_QTJyl6\/view?usp=drive_link\">T\u00e9l\u00e9charger le guide<\/a><\/div>\n<\/div>\n\n\n\n<p>Plus qu\u2019un recueil d\u2019\u00e9nonc\u00e9s, ce document exceptionnel de plus de 100 pages est <strong>un t\u00e9moignage vivant de six ann\u00e9es de passion p\u00e9dagogique, d\u2019exp\u00e9rimentations didactiques et d\u2019amour des math\u00e9matiques partag\u00e9es<\/strong>.<\/p>\n\n\n\n<p><strong>Un concentr\u00e9 d\u2019innovation p\u00e9dagogique<\/strong><br>Cr\u00e9\u00e9 par une \u00e9quipe de professeurs de math\u00e9matiques engag\u00e9s, coordonn\u00e9s par David Michel (IA-IPR) et soutenus par l\u2019IREMI de La R\u00e9union, le Rallye 974 Maths s\u2019est impos\u00e9 comme <strong>un laboratoire \u00e0 ciel ouvert<\/strong>. Il m\u00eale avec brio :<\/p>\n\n\n\n<ul class=\"wp-block-list\">\n<li>des <strong>probl\u00e8mes ouverts<\/strong> et souvent narratifs, ancr\u00e9s dans la culture r\u00e9unionnaise,<\/li>\n\n\n\n<li>une <strong>\u00e9valuation par comp\u00e9tences<\/strong> fine et bienveillante,<\/li>\n\n\n\n<li>une <strong>logistique \u00e9prouv\u00e9e<\/strong>, adaptable \u00e0 tous les \u00e9tablissements,<\/li>\n\n\n\n<li>une r\u00e9elle volont\u00e9 de <strong>liaison coll\u00e8ge-lyc\u00e9e<\/strong>, au service des \u00e9l\u00e8ves.<\/li>\n<\/ul>\n\n\n\n<p><strong>Des ressources pour enseigner autrement<\/strong><br>Chaque \u00e9dition contient des \u00e9preuves d&rsquo;entra\u00eenement et finales, pens\u00e9es pour mobiliser la cr\u00e9ativit\u00e9, la coop\u00e9ration et la rigueur des \u00e9l\u00e8ves. Les enseignants y trouveront :<\/p>\n\n\n\n<ul class=\"wp-block-list\">\n<li>des narrations de recherche,<\/li>\n\n\n\n<li>des sc\u00e9narios vid\u00e9o,<\/li>\n\n\n\n<li>des sujets en anglais ou \u00e0 coloration locale,<\/li>\n\n\n\n<li>des liens avec l\u2019algorithmique et le num\u00e9rique,<\/li>\n\n\n\n<li>et surtout, <strong>une d\u00e9marche p\u00e9dagogique reproductible et inspirante<\/strong>.<\/li>\n<\/ul>\n\n\n\n<p><strong>Un guide con\u00e7u pour transformer les pratiques<br><\/strong>Ce guide ne se contente pas de compiler les \u00e9preuves. Il raconte une aventure humaine, d\u00e9taille les choix m\u00e9thodologiques, partage les grilles d\u2019\u00e9valuation, les courriels d\u2019\u00e9quipe, les anecdotes de terrain. Il montre comment une \u00e9quipe peut devenir une v\u00e9ritable unit\u00e9 apprenante, au service d\u2019une \u00e9ducation plus juste, plus joyeuse, plus cr\u00e9ative.<\/p>\n\n\n\n<blockquote class=\"wp-block-quote is-layout-flow wp-block-quote-is-layout-flow\">\n<p><em>\u00ab\u00a0Les math\u00e9matiques ne sont pas qu\u2019un savoir : elles sont un plaisir, une culture, une aventure collective.\u00a0\u00bb<\/em><br>\u2013 Extrait du guide<\/p>\n<\/blockquote>\n\n\n\n<p>\ud83c\udfa7 <strong>Et pour prolonger l\u2019exp\u00e9rience\u2026<\/strong><br>Un <strong>podcast introductif, enti\u00e8rement g\u00e9n\u00e9r\u00e9 par l\u2019IA Gemini NotebookLM<\/strong>, accompagne cette r\u00e9\u00e9dition. Il offre une pr\u00e9sentation orale du guide pour celles et ceux qui pr\u00e9f\u00e8rent l\u2019\u00e9coute \u00e0 la lecture.<\/p>\n\n\n\n<div class=\"wp-block-buttons is-content-justification-center is-layout-flex wp-container-core-buttons-is-layout-a89b3969 wp-block-buttons-is-layout-flex\">\n<div class=\"wp-block-button\"><a class=\"wp-block-button__link wp-element-button\" href=\"https:\/\/drive.google.com\/file\/d\/1x_UQ48aMblGGkaEk-j8PtoN8OZTRe9yt\/view?usp=drive_link\">\u00c9couter le podcast<\/a><\/div>\n<\/div>\n\n\n\n<p><\/p>\n","protected":false},"excerpt":{"rendered":"<p>\u00ab Ce livre-num\u00e9rique est un outil qui permettra \u00e0 nos coll\u00e8gues professeurs de math\u00e9matiques de puiser des exemples, d\u2019analyser les productions des \u00e9l\u00e8ves, d\u00e9tecter les leviers pour d\u00e9clencher la motivation intrins\u00e8que et extrins\u00e8que des apprenants (&#8230;). Un outil mutualis\u00e9 et de partage pour d\u00e9passer les barri\u00e8res mentales de nos p\u00e9dagogies au quotidien. \u00bb<br \/>\n\u2014 Ibrahim Moullan<\/p>\n","protected":false},"author":10,"featured_media":453,"comment_status":"open","ping_status":"open","sticky":false,"template":"","format":"standard","meta":{"footnotes":""},"categories":[13,11,6],"tags":[58,32,60,56,52],"coauthors":[55],"class_list":["post-452","post","type-post","status-publish","format-standard","has-post-thumbnail","hentry","category-annales","category-concours-et-evenements","category-continuum-des-apprentissages","tag-college","tag-lycee","tag-narration-de-recherche","tag-rallye","tag-resolution-de-problemes"],"_links":{"self":[{"href":"https:\/\/iremi.univ-reunion.fr\/index.php?rest_route=\/wp\/v2\/posts\/452","targetHints":{"allow":["GET"]}}],"collection":[{"href":"https:\/\/iremi.univ-reunion.fr\/index.php?rest_route=\/wp\/v2\/posts"}],"about":[{"href":"https:\/\/iremi.univ-reunion.fr\/index.php?rest_route=\/wp\/v2\/types\/post"}],"author":[{"embeddable":true,"href":"https:\/\/iremi.univ-reunion.fr\/index.php?rest_route=\/wp\/v2\/users\/10"}],"replies":[{"embeddable":true,"href":"https:\/\/iremi.univ-reunion.fr\/index.php?rest_route=%2Fwp%2Fv2%2Fcomments&post=452"}],"version-history":[{"count":9,"href":"https:\/\/iremi.univ-reunion.fr\/index.php?rest_route=\/wp\/v2\/posts\/452\/revisions"}],"predecessor-version":[{"id":512,"href":"https:\/\/iremi.univ-reunion.fr\/index.php?rest_route=\/wp\/v2\/posts\/452\/revisions\/512"}],"wp:featuredmedia":[{"embeddable":true,"href":"https:\/\/iremi.univ-reunion.fr\/index.php?rest_route=\/wp\/v2\/media\/453"}],"wp:attachment":[{"href":"https:\/\/iremi.univ-reunion.fr\/index.php?rest_route=%2Fwp%2Fv2%2Fmedia&parent=452"}],"wp:term":[{"taxonomy":"category","embeddable":true,"href":"https:\/\/iremi.univ-reunion.fr\/index.php?rest_route=%2Fwp%2Fv2%2Fcategories&post=452"},{"taxonomy":"post_tag","embeddable":true,"href":"https:\/\/iremi.univ-reunion.fr\/index.php?rest_route=%2Fwp%2Fv2%2Ftags&post=452"},{"taxonomy":"author","embeddable":true,"href":"https:\/\/iremi.univ-reunion.fr\/index.php?rest_route=%2Fwp%2Fv2%2Fcoauthors&post=452"}],"curies":[{"name":"wp","href":"https:\/\/api.w.org\/{rel}","templated":true}]}}