{"id":2344,"date":"2026-09-04T18:14:42","date_gmt":"2026-09-04T14:14:42","guid":{"rendered":"https:\/\/iremi.univ-reunion.fr\/?p=2344"},"modified":"2026-09-05T08:02:09","modified_gmt":"2026-09-05T04:02:09","slug":"splat-un-levier-ludique-pour-introduire-lalgebre-et-donner-du-sens-aux-schemas-en-barres-du-cm1-a-la-2nde-2","status":"publish","type":"post","link":"https:\/\/iremi.univ-reunion.fr\/?p=2344","title":{"rendered":"SPLAT! : Un levier ludique pour introduire l&rsquo;alg\u00e8bre et donner du sens aux sch\u00e9mas en barres (Focale cycle 3)"},"content":{"rendered":"\n<p class=\"wp-block-paragraph\"><strong>R\u00e9sum\u00e9 :<\/strong> La r\u00e9solution de probl\u00e8mes constitue l\u2019activit\u00e9 principale de l\u2019apprentissage des math\u00e9matiques, permettant ainsi de d\u00e9velopper les comp\u00e9tences fondamentales li\u00e9es \u00e0 cette discipline. Cependant, elle repr\u00e9sente un obstacle pour les \u00e9l\u00e8ves. Il est donc n\u00e9cessaire de s\u2019interroger sur les leviers possibles afin d\u2019aider les \u00e9l\u00e8ves \u00e0 surmonter leurs difficult\u00e9s. Depuis l&rsquo;introduction de l\u2019alg\u00e8bre d\u00e8s le programme de CM1, les sch\u00e9mas en barres constituent un mod\u00e8le pertinent qui ne doit pas se transformer en \u00e9cueil suppl\u00e9mentaire pour les \u00e9l\u00e8ves mais devenir un v\u00e9ritable appui \u00e0 la r\u00e9solution de probl\u00e8mes. Cet article pr\u00e9sente \u00ab SPLAT! \u00bb, un outil p\u00e9dagogique visuel et ludique permettant de r\u00e9concilier les \u00e9l\u00e8ves avec la sch\u00e9matisation, favorisant ainsi une transition fluide vers la mod\u00e9lisation alg\u00e9brique.<\/p>\n\n\n\n<p class=\"wp-block-paragraph\"><strong>Cadre institutionnel<\/strong> : Cet article s\u2019inscrit dans le cadre d\u2019une recherche-action men\u00e9e au sein d\u2019un atelier de l\u2019IREMI de La R\u00e9union. Ce travail s\u2019est nourri et enrichi des interventions men\u00e9es par les formateurs RM2D dans le sillage du Plan Math\u00e9matiques, ainsi que des exp\u00e9rimentations conduites dans les coll\u00e8ges accompagn\u00e9s. Cette r\u00e9flexion trouve son origine dans un atelier centr\u00e9 sur le d\u00e9veloppement de la pens\u00e9e alg\u00e9brique, dont les travaux ont notamment \u00e9t\u00e9 pr\u00e9sent\u00e9s \u00e0 la CORFEM. L\u2019ensemble de cette d\u00e9marche didactique a b\u00e9n\u00e9fici\u00e9 de l\u2019appui des inspecteurs de math\u00e9matiques de l\u2019acad\u00e9mie, ainsi que des riches d\u00e9bats et confrontations d\u2019id\u00e9es avec les membres de l\u2019IREMI.<\/p>\n\n\n\n<h3 class=\"wp-block-heading\"><strong>1. Le paradoxe du sch\u00e9ma en barres : un outil puissant mais parfois rejet\u00e9<\/strong><\/h3>\n\n\n\n<p class=\"wp-block-paragraph\">Les nouveaux programmes de cycle 3 demandent d\u2019initier les \u00e9l\u00e8ves \u00e0 la \u00ab pens\u00e9e alg\u00e9brique \u00bb et de d\u00e9velopper leur capacit\u00e9 \u00e0 r\u00e9soudre des probl\u00e8mes en raisonnant sur des nombres dont ils ne connaissent pas la valeur. Dans cette optique, la repr\u00e9sentation sous forme de sch\u00e9mas en barres offre un moyen universel de mod\u00e9liser plusieurs cat\u00e9gories de probl\u00e8mes (parties\/tout, comparaisons, transformations).<\/p>\n\n\n\n<p class=\"wp-block-paragraph\">La puissance de ces sch\u00e9mas r\u00e9side dans un principe simple : \u201c<strong><em>Dans un sch\u00e9ma en barres, la barre du haut et la barre du bas repr\u00e9sentent des quantit\u00e9s \u00e9gales.<\/em><\/strong>\u201d<\/p>\n\n\n\n<figure class=\"wp-block-image size-full is-resized\"><img loading=\"lazy\" decoding=\"async\" width=\"1024\" height=\"186\" src=\"https:\/\/iremi.univ-reunion.fr\/wp-content\/uploads\/2026\/09\/image-2.png\" alt=\"\" class=\"wp-image-2349\" style=\"aspect-ratio:5.483050847457627;width:647px;height:auto\" srcset=\"https:\/\/iremi.univ-reunion.fr\/wp-content\/uploads\/2026\/09\/image-2.png 1024w, https:\/\/iremi.univ-reunion.fr\/wp-content\/uploads\/2026\/09\/image-2-300x54.png 300w, https:\/\/iremi.univ-reunion.fr\/wp-content\/uploads\/2026\/09\/image-2-765x139.png 765w\" sizes=\"auto, (max-width: 1024px) 100vw, 1024px\" \/><\/figure>\n\n\n\n<p class=\"wp-block-paragraph\">Cependant, la pratique en classe r\u00e9v\u00e8le des obstacles :<\/p>\n\n\n\n<ul class=\"wp-block-list\">\n<li><strong>L\u2019obstacle de la sch\u00e9matisation :<\/strong> les sch\u00e9mas en barres, souvent pr\u00e9sent\u00e9s comme une aide, peuvent constituer une difficult\u00e9 suppl\u00e9mentaire pour les \u00e9l\u00e8ves fragiles, tandis que les \u00e9l\u00e8ves en r\u00e9ussite n\u2019en per\u00e7oivent pas toujours l\u2019utilit\u00e9.<\/li>\n\n\n\n<li><strong>L\u2019obstacle du passage \u00e0 l\u2019op\u00e9ration experte :<\/strong> Une fois le sch\u00e9ma r\u00e9alis\u00e9 (par exemple avec une inconnue mod\u00e9lis\u00e9e par un \u00ab ? \u00bb), de nombreux \u00e9l\u00e8ves peinent \u00e0 retranscrire cette \u00e9galit\u00e9 avec l\u2019op\u00e9ration experte, particuli\u00e8rement lors de l\u2019utilisation de grands nombres ou de nombres d\u00e9cimaux.<\/li>\n<\/ul>\n\n\n\n<p class=\"wp-block-paragraph\">Pour d\u00e9passer ces blocages, il est apparu n\u00e9cessaire de trouver une situation d\u2019accroche s\u2019affranchissant de la barri\u00e8re de la langue, permettant aux \u00e9l\u00e8ves de se focaliser uniquement sur la mod\u00e9lisation math\u00e9matique.<\/p>\n\n\n\n<h3 class=\"wp-block-heading\"><\/h3>\n\n\n\n<h3 class=\"wp-block-heading\"><strong>2. D\u00e9couverte de SPLAT : l&rsquo;\u00e9nigme visuelle au service de la mod\u00e9lisation<\/strong><\/h3>\n\n\n\n<p class=\"wp-block-paragraph\">D\u00e9velopp\u00e9 par l&rsquo;enseignant canadien Steve Wyborney, SPLAT! (conserv\u00e9 avec l&rsquo;onomatop\u00e9e britannique) s&rsquo;est impos\u00e9 comme un outil redoutablement efficace pour introduire les sch\u00e9mas en barres.<\/p>\n\n\n\n<p class=\"wp-block-paragraph\"><strong>Le principe de base :<\/strong> Une quantit\u00e9 de billes (ou de jetons) est affich\u00e9e \u00e0 l&rsquo;\u00e9cran avec un total connu. Un \u00ab\u00a0Splat\u00a0\u00bb (une tache) vient ensuite recouvrir une partie de ces billes. L&rsquo;\u00e9l\u00e8ve doit d\u00e9terminer combien de billes sont cach\u00e9es sous la tache :&nbsp;<\/p>\n\n\n\n<figure class=\"wp-block-image size-large\"><img loading=\"lazy\" decoding=\"async\" width=\"1024\" height=\"391\" src=\"https:\/\/iremi.univ-reunion.fr\/wp-content\/uploads\/2026\/09\/Capture-de\u0301cran-2026-09-04-a\u0300-17.53.22-1024x391.png\" alt=\"\" class=\"wp-image-2353\" srcset=\"https:\/\/iremi.univ-reunion.fr\/wp-content\/uploads\/2026\/09\/Capture-de\u0301cran-2026-09-04-a\u0300-17.53.22-1024x391.png 1024w, https:\/\/iremi.univ-reunion.fr\/wp-content\/uploads\/2026\/09\/Capture-de\u0301cran-2026-09-04-a\u0300-17.53.22-300x115.png 300w, https:\/\/iremi.univ-reunion.fr\/wp-content\/uploads\/2026\/09\/Capture-de\u0301cran-2026-09-04-a\u0300-17.53.22-767x293.png 767w, https:\/\/iremi.univ-reunion.fr\/wp-content\/uploads\/2026\/09\/Capture-de\u0301cran-2026-09-04-a\u0300-17.53.22.png 1188w\" sizes=\"auto, (max-width: 1024px) 100vw, 1024px\" \/><\/figure>\n\n\n\n<p class=\"wp-block-paragraph\">(Voir la diaporama d\u2019introduction complet sur le <a href=\"https:\/\/digipad.app\/p\/1754235\/397f3f517445b\">digipad<\/a> <a href=\"https:\/\/digipad.app\/p\/1754235\/397f3f517445b\">https:\/\/digipad.app\/p\/1754235\/397f3f517445b<\/a>)<\/p>\n\n\n\n<p class=\"wp-block-paragraph\">Cette activit\u00e9 ludique, v\u00e9cue comme une v\u00e9ritable \u00e9nigme, permet d&rsquo;identifier naturellement les diff\u00e9rentes composantes du probl\u00e8me :<\/p>\n\n\n\n<ul class=\"wp-block-list\">\n<li>Le \u00ab tout \u00bb : le nombre total de billes indiqu\u00e9.<\/li>\n\n\n\n<li>La partie visible : les billes non recouvertes.<\/li>\n\n\n\n<li>La partie invisible (l&rsquo;inconnue) : les billes cach\u00e9es sous la tache.<\/li>\n<\/ul>\n\n\n\n<figure class=\"wp-block-image aligncenter size-full is-resized\"><img loading=\"lazy\" decoding=\"async\" width=\"690\" height=\"282\" src=\"https:\/\/iremi.univ-reunion.fr\/wp-content\/uploads\/2026\/09\/Capture-de\u0301cran-2026-09-04-a\u0300-17.53.51.png\" alt=\"\" class=\"wp-image-2354\" style=\"aspect-ratio:2.4469472436277417;width:299px;height:auto\" srcset=\"https:\/\/iremi.univ-reunion.fr\/wp-content\/uploads\/2026\/09\/Capture-de\u0301cran-2026-09-04-a\u0300-17.53.51.png 690w, https:\/\/iremi.univ-reunion.fr\/wp-content\/uploads\/2026\/09\/Capture-de\u0301cran-2026-09-04-a\u0300-17.53.51-300x123.png 300w\" sizes=\"auto, (max-width: 690px) 100vw, 690px\" \/><\/figure>\n\n\n\n<p class=\"wp-block-paragraph\">En proposant un probl\u00e8me sans \u00e9nonc\u00e9 textuel, on lib\u00e8re la charge cognitive de l&rsquo;\u00e9l\u00e8ve, qui s&rsquo;engage pleinement dans l&rsquo;\u00e9tape cruciale de la comp\u00e9tence <em>Repr\u00e9senter<\/em>.<\/p>\n\n\n\n<p class=\"wp-block-paragraph\"><\/p>\n\n\n\n<h3 class=\"wp-block-heading\"><strong>3. Une progression outill\u00e9e : De \u00ab Petit SPLAT! \u00bb \u00e0 la r\u00e9solution d&rsquo;\u00e9quations<\/strong><\/h3>\n\n\n\n<p class=\"wp-block-paragraph\">Pour accompagner cette d\u00e9marche dans les classes, une progression compl\u00e8te a \u00e9t\u00e9 structur\u00e9e sur le <a href=\"https:\/\/digipad.app\/p\/1754235\/397f3f517445b\">Digipad<\/a>. Cette progression s&rsquo;appuie sur le site <a href=\"https:\/\/mathsgo.re\/splat\"><em>Maths&amp;go<\/em><\/a> (d\u00e9velopp\u00e9 par M. Gwena\u00ebl Bourgault), qui g\u00e9n\u00e8re al\u00e9atoirement des situations et des planches d&rsquo;activit\u00e9s d\u00e9clinables en trois phases :<\/p>\n\n\n\n<p class=\"has-accent-3-color has-text-color has-link-color wp-elements-1 wp-block-paragraph\"><strong>S\u00e9quence 1 : L&rsquo;appropriation avec \u00ab Petit SPLAT! \u00bb<\/strong>&nbsp;<\/p>\n\n\n\n<p class=\"wp-block-paragraph\">Dans ce premier niveau, l&rsquo;objectif est d&rsquo;installer l&rsquo;outil de repr\u00e9sentation.<\/p>\n\n\n\n<ul class=\"wp-block-list\">\n<li>L&rsquo;application propose des exercices o\u00f9 la situation est dessin\u00e9e et l\u2019\u00e9l\u00e8ve doit compl\u00e9ter le sch\u00e9ma en barres correspondant.<\/li>\n\n\n\n<li>\u00c0 l&rsquo;inverse, l&rsquo;application peut fournir un sch\u00e9ma partiellement compl\u00e9t\u00e9, charge \u00e0 l&rsquo;\u00e9l\u00e8ve de dessiner les points manquants pour illustrer la situation.<\/li>\n\n\n\n<li>Travailler le sch\u00e9ma \u00ab\u00a0dans les deux sens\u00a0\u00bb lui donne un v\u00e9ritable sens math\u00e9matique.<\/li>\n<\/ul>\n\n\n\n<figure class=\"wp-block-image size-large\"><img loading=\"lazy\" decoding=\"async\" width=\"1024\" height=\"449\" src=\"https:\/\/iremi.univ-reunion.fr\/wp-content\/uploads\/2026\/09\/Capture-de\u0301cran-2026-09-04-a\u0300-17.56.25-1024x449.png\" alt=\"\" class=\"wp-image-2355\" srcset=\"https:\/\/iremi.univ-reunion.fr\/wp-content\/uploads\/2026\/09\/Capture-de\u0301cran-2026-09-04-a\u0300-17.56.25-1024x449.png 1024w, https:\/\/iremi.univ-reunion.fr\/wp-content\/uploads\/2026\/09\/Capture-de\u0301cran-2026-09-04-a\u0300-17.56.25-300x132.png 300w, https:\/\/iremi.univ-reunion.fr\/wp-content\/uploads\/2026\/09\/Capture-de\u0301cran-2026-09-04-a\u0300-17.56.25-766x336.png 766w, https:\/\/iremi.univ-reunion.fr\/wp-content\/uploads\/2026\/09\/Capture-de\u0301cran-2026-09-04-a\u0300-17.56.25.png 1454w\" sizes=\"auto, (max-width: 1024px) 100vw, 1024px\" \/><\/figure>\n\n\n\n<p class=\"wp-block-paragraph\">La s\u00e9quence 1 du digipad propose 6 fiches avec Petit SPLAT! et m\u00e8ne progressivement les \u00e9l\u00e8ves vers des mod\u00e9lisations de type ax+b=c (plusieurs taches cachant un nombre identique de jetons)<\/p>\n\n\n\n<figure class=\"wp-block-image size-large\"><img loading=\"lazy\" decoding=\"async\" width=\"1024\" height=\"571\" src=\"https:\/\/iremi.univ-reunion.fr\/wp-content\/uploads\/2026\/09\/Capture-de\u0301cran-2026-09-05-a\u0300-07.44.43-1024x571.png\" alt=\"\" class=\"wp-image-2369\" srcset=\"https:\/\/iremi.univ-reunion.fr\/wp-content\/uploads\/2026\/09\/Capture-de\u0301cran-2026-09-05-a\u0300-07.44.43-1024x571.png 1024w, https:\/\/iremi.univ-reunion.fr\/wp-content\/uploads\/2026\/09\/Capture-de\u0301cran-2026-09-05-a\u0300-07.44.43-300x167.png 300w, https:\/\/iremi.univ-reunion.fr\/wp-content\/uploads\/2026\/09\/Capture-de\u0301cran-2026-09-05-a\u0300-07.44.43-767x428.png 767w, https:\/\/iremi.univ-reunion.fr\/wp-content\/uploads\/2026\/09\/Capture-de\u0301cran-2026-09-05-a\u0300-07.44.43.png 1452w\" sizes=\"auto, (max-width: 1024px) 100vw, 1024px\" \/><\/figure>\n\n\n\n<p class=\"has-accent-3-color has-text-color has-link-color wp-elements-2 wp-block-paragraph\"><strong>S\u00e9quence 2 : De plus grands nombres avec \u00ab SPLAT! classique \u00bb<\/strong>&nbsp;<\/p>\n\n\n\n<ul class=\"wp-block-list\">\n<li>La progression se complexifie en regroupant les points par \u00ab\u00a0paquets\u00a0\u00bb, ce qui permet d\u2019atteindre des nombres plus grands.<\/li>\n\n\n\n<li>L&rsquo;\u00e9l\u00e8ve doit ici tracer lui-m\u00eame son sch\u00e9ma en barres, s&rsquo;appropriant pleinement l&rsquo;outil.<\/li>\n\n\n\n<li>C&rsquo;est \u00e9galement \u00e0 ce stade que l&rsquo;on peut introduire en cycle 4 la r\u00e9solution avec des nombres relatifs, en posant que le but est de trouver \u00ab\u00a0le nombre cach\u00e9\u00a0\u00bb et non plus un nombre physique de jetons.<\/li>\n\n\n\n<li>Le mode \u201cpas \u00e0 pas\u201d en appuyant sur la fl\u00e8che bleue en haut \u00e0 droite permet une \u201ccorrection\u201d au fur et \u00e0 mesure des \u00e9tapes :&nbsp;<\/li>\n<\/ul>\n\n\n\n<figure class=\"wp-block-image size-large\"><img loading=\"lazy\" decoding=\"async\" width=\"1024\" height=\"705\" src=\"https:\/\/iremi.univ-reunion.fr\/wp-content\/uploads\/2026\/09\/Capture-de\u0301cran-2026-09-04-a\u0300-17.57.42-1024x705.png\" alt=\"\" class=\"wp-image-2356\" srcset=\"https:\/\/iremi.univ-reunion.fr\/wp-content\/uploads\/2026\/09\/Capture-de\u0301cran-2026-09-04-a\u0300-17.57.42-1024x705.png 1024w, https:\/\/iremi.univ-reunion.fr\/wp-content\/uploads\/2026\/09\/Capture-de\u0301cran-2026-09-04-a\u0300-17.57.42-300x207.png 300w, https:\/\/iremi.univ-reunion.fr\/wp-content\/uploads\/2026\/09\/Capture-de\u0301cran-2026-09-04-a\u0300-17.57.42-768x529.png 768w, https:\/\/iremi.univ-reunion.fr\/wp-content\/uploads\/2026\/09\/Capture-de\u0301cran-2026-09-04-a\u0300-17.57.42.png 1376w\" sizes=\"auto, (max-width: 1024px) 100vw, 1024px\" \/><\/figure>\n\n\n\n<ul class=\"wp-block-list\">\n<li>C&rsquo;est ici que s&rsquo;op\u00e8re un v\u00e9ritable basculement didactique : <strong>d\u2019un sch\u00e9ma statique, nous passons \u00e0 un sch\u00e9ma dynamique<\/strong>, notamment avec l\u2019outil int\u00e9gr\u00e9 \u201c<a href=\"https:\/\/mathsgo.re\/outils\/index.html?domain=algebre&amp;notion=schemas-barres\">\u00c9quabarre<\/a>\u201d qui appara\u00eet \u00e0 l\u2019\u00e9tape 3, o\u00f9 les \u00e9l\u00e8ves agissent sur les sch\u00e9mas pour r\u00e9soudre les \u00e9quations. Ils peuvent d\u00e9composer un nombre, regrouper, partager \u00e9quitablement, ou enlever une quantit\u00e9 identique dans chaque membre. Ces actions intuitives sur les barres illustrent et justifient les r\u00e8gles alg\u00e9briques formelles (commutativit\u00e9 de l&rsquo;addition, r\u00e9duction d&rsquo;expression, propri\u00e9t\u00e9 des \u00e9galit\u00e9s). Elles sont accessibles dans le menu de bas de page : <\/li>\n<\/ul>\n\n\n\n<figure class=\"wp-block-image aligncenter size-large is-resized\"><img loading=\"lazy\" decoding=\"async\" width=\"1024\" height=\"211\" src=\"https:\/\/iremi.univ-reunion.fr\/wp-content\/uploads\/2026\/09\/Capture-de\u0301cran-2026-09-05-a\u0300-07.56.07-1024x211.png\" alt=\"\" class=\"wp-image-2374\" style=\"aspect-ratio:4.853615520282187;width:374px;height:auto\" srcset=\"https:\/\/iremi.univ-reunion.fr\/wp-content\/uploads\/2026\/09\/Capture-de\u0301cran-2026-09-05-a\u0300-07.56.07-1024x211.png 1024w, https:\/\/iremi.univ-reunion.fr\/wp-content\/uploads\/2026\/09\/Capture-de\u0301cran-2026-09-05-a\u0300-07.56.07-300x62.png 300w, https:\/\/iremi.univ-reunion.fr\/wp-content\/uploads\/2026\/09\/Capture-de\u0301cran-2026-09-05-a\u0300-07.56.07-765x158.png 765w, https:\/\/iremi.univ-reunion.fr\/wp-content\/uploads\/2026\/09\/Capture-de\u0301cran-2026-09-05-a\u0300-07.56.07.png 1414w\" sizes=\"auto, (max-width: 1024px) 100vw, 1024px\" \/><\/figure>\n\n\n\n<figure class=\"wp-block-image size-large\"><img loading=\"lazy\" decoding=\"async\" width=\"1024\" height=\"362\" src=\"https:\/\/iremi.univ-reunion.fr\/wp-content\/uploads\/2026\/09\/Capture-de\u0301cran-2026-09-05-a\u0300-08.00.16-1024x362.png\" alt=\"\" class=\"wp-image-2375\" srcset=\"https:\/\/iremi.univ-reunion.fr\/wp-content\/uploads\/2026\/09\/Capture-de\u0301cran-2026-09-05-a\u0300-08.00.16-1024x362.png 1024w, https:\/\/iremi.univ-reunion.fr\/wp-content\/uploads\/2026\/09\/Capture-de\u0301cran-2026-09-05-a\u0300-08.00.16-766x271.png 766w, https:\/\/iremi.univ-reunion.fr\/wp-content\/uploads\/2026\/09\/Capture-de\u0301cran-2026-09-05-a\u0300-08.00.16-1536x543.png 1536w, https:\/\/iremi.univ-reunion.fr\/wp-content\/uploads\/2026\/09\/Capture-de\u0301cran-2026-09-05-a\u0300-08.00.16-2048x725.png 2048w, https:\/\/iremi.univ-reunion.fr\/wp-content\/uploads\/2026\/09\/Capture-de\u0301cran-2026-09-05-a\u0300-08.00.16-300x106.png 300w\" sizes=\"auto, (max-width: 1024px) 100vw, 1024px\" \/><\/figure>\n\n\n\n<p class=\"wp-block-paragraph\">La s\u00e9quence 2 du digipad propose une progression dans le menu SPLAT! classique.<\/p>\n\n\n\n<p class=\"wp-block-paragraph\">Remarque : l\u2019outil \u201c<a href=\"https:\/\/mathsgo.re\/outils\/equabarre.html\">\u00e9quabarres<\/a>\u201d peut \u00eatre utilis\u00e9 directement, pour r\u00e9soudre n&rsquo;importe quel probl\u00e8me repr\u00e9sent\u00e9 par un sch\u00e9ma en barres. Il suffit de rentrer l\u2019\u00e9quation voulue dans le menu de d\u00e9part.<\/p>\n\n\n\n<p class=\"has-accent-3-color has-text-color has-link-color wp-elements-3 wp-block-paragraph\"><strong>S\u00e9quence 3 : Le sch\u00e9ma dynamique et la r\u00e9solution alg\u00e9brique avec \u00ab SPLAT! \u00c9quations \u00bb<\/strong>&nbsp;<\/p>\n\n\n\n<p class=\"wp-block-paragraph\">Ce troisi\u00e8me menu s&rsquo;inscrit dans le prolongement naturel des pr\u00e9c\u00e9dents, tout en anticipant largement sur les attendus du cycle 4. Il s&rsquo;appuie sur une repr\u00e9sentation \u00e0 deux plateaux (o\u00f9 les quantit\u00e9s sont figur\u00e9es de part et d&rsquo;autre, illustrant le principe d&rsquo;\u00e9quilibre d&rsquo;une balance). Ce mod\u00e8le permet ainsi d&rsquo;aller jusqu&rsquo;\u00e0 la r\u00e9solution d&rsquo;\u00e9quations de la forme ax+b=cx+d.&nbsp;<\/p>\n\n\n\n<p class=\"wp-block-paragraph\">L&rsquo;exploitation de cette s\u00e9quence sera d\u00e9taill\u00e9e dans notre prochain article consacr\u00e9 au cycle 4.&nbsp;<\/p>\n\n\n\n<h3 class=\"wp-block-heading\"><strong>4. Un parcours \u00e9l\u00e8ve au format num\u00e9rique suivant la progression propos\u00e9e<\/strong><\/h3>\n\n\n\n<p class=\"wp-block-paragraph\">Le caract\u00e8re ludique de cette activit\u00e9 nous a pouss\u00e9s \u00e0 d\u00e9velopper un <a href=\"https:\/\/mathsgo.re\/outils\/splat_univers.html\">parcours num\u00e9rique <\/a>reprenant toutes les \u00e9tapes pr\u00e9-cit\u00e9es. Les \u00e9l\u00e8ves peuvent ainsi avancer seuls dans la progression, une fois que les principes g\u00e9n\u00e9raux ont \u00e9t\u00e9 pr\u00e9sent\u00e9s en classe. Ils peuvent \u00e9galement retrouver sur un \u00e9cran ce qu\u2019ils auront fait sur fiche :<\/p>\n\n\n\n<figure class=\"wp-block-image aligncenter size-full is-resized\"><img loading=\"lazy\" decoding=\"async\" width=\"682\" height=\"406\" src=\"https:\/\/iremi.univ-reunion.fr\/wp-content\/uploads\/2026\/09\/Capture-de\u0301cran-2026-09-04-a\u0300-18.04.16.png\" alt=\"\" class=\"wp-image-2358\" style=\"aspect-ratio:1.679824204443721;width:321px;height:auto\" srcset=\"https:\/\/iremi.univ-reunion.fr\/wp-content\/uploads\/2026\/09\/Capture-de\u0301cran-2026-09-04-a\u0300-18.04.16.png 682w, https:\/\/iremi.univ-reunion.fr\/wp-content\/uploads\/2026\/09\/Capture-de\u0301cran-2026-09-04-a\u0300-18.04.16-300x179.png 300w\" sizes=\"auto, (max-width: 682px) 100vw, 682px\" \/><\/figure>\n\n\n\n<p class=\"wp-block-paragraph\">\u00c0 noter qu\u2019en cliquant sur l\u2019option \u201cprofesseur\u201d en haut \u00e0 droite, on retrouve le d\u00e9tail de la progression et les fiches du digipad :&nbsp;<\/p>\n\n\n\n<figure class=\"wp-block-image size-large\"><img loading=\"lazy\" decoding=\"async\" width=\"1024\" height=\"375\" src=\"https:\/\/iremi.univ-reunion.fr\/wp-content\/uploads\/2026\/09\/Capture-de\u0301cran-2026-09-04-a\u0300-18.06.20-1024x375.png\" alt=\"\" class=\"wp-image-2359\" srcset=\"https:\/\/iremi.univ-reunion.fr\/wp-content\/uploads\/2026\/09\/Capture-de\u0301cran-2026-09-04-a\u0300-18.06.20-1024x375.png 1024w, https:\/\/iremi.univ-reunion.fr\/wp-content\/uploads\/2026\/09\/Capture-de\u0301cran-2026-09-04-a\u0300-18.06.20-300x110.png 300w, https:\/\/iremi.univ-reunion.fr\/wp-content\/uploads\/2026\/09\/Capture-de\u0301cran-2026-09-04-a\u0300-18.06.20-768x281.png 768w, https:\/\/iremi.univ-reunion.fr\/wp-content\/uploads\/2026\/09\/Capture-de\u0301cran-2026-09-04-a\u0300-18.06.20.png 1454w\" sizes=\"auto, (max-width: 1024px) 100vw, 1024px\" \/><\/figure>\n\n\n\n<h3 class=\"wp-block-heading\"><strong>5. Conclusion : Du sch\u00e9ma \u00e0 l&rsquo;abstraction alg\u00e9brique : de la mod\u00e9lisation \u00e0 la r\u00e9solution de probl\u00e8mes dans leur int\u00e9gralit\u00e9<\/strong><\/h3>\n\n\n\n<p class=\"wp-block-paragraph\">L\u2019utilisation r\u00e9guli\u00e8re de SPLAT, par exemple sous forme de rituels ou de questions flashs, permet d\u2019automatiser les \u00e9tapes de r\u00e9solution (et notamment l\u2019articulation Repr\u00e9senter \/ Mod\u00e9liser) et de diminuer la charge cognitive. Cependant, il est essentiel de garder \u00e0 l\u2019esprit que <strong>SPLAT n\u2019est pas une fin en soi<\/strong>. En effet, cet outil repose sur la r\u00e9solution de probl\u00e8mes sans \u00e9nonc\u00e9s textuels, ce qui permet de focaliser temporairement l\u2019attention de l\u2019\u00e9l\u00e8ve sur une partie du processus de r\u00e9solution de probl\u00e8mes. Il s\u2019agit avant tout d\u2019une \u00e9tape charni\u00e8re. Elle aide les \u00e9l\u00e8ves \u00e0 mieux comprendre la partie purement technique de la r\u00e9solution d\u2019\u00e9quations, et \u00e0 se familiariser en profondeur avec la manipulation des sch\u00e9mas en barres. Une fois ce fonctionnement technique acquis, l\u2019objectif est de pouvoir s\u2019en d\u00e9tacher pour mod\u00e9liser cette comp\u00e9tence au service de la r\u00e9solution de probl\u00e8mes dans leur int\u00e9gralit\u00e9, c\u2019est-\u00e0-dire \u00e0 partir d\u2019 un \u00e9nonc\u00e9 de d\u00e9part complet.<\/p>\n\n\n\n<p class=\"wp-block-paragraph\">Pour amener cette pens\u00e9e alg\u00e9brique, <strong>le mod\u00e8le de la balance constitue \u00e9galement une approche compl\u00e9mentaire tout \u00e0 fait pertinente<\/strong>. La repr\u00e9sentation sur deux plateaux offre aux \u00e9l\u00e8ves une perception intuitive de l&rsquo;\u00e9quilibre. En manipulant (r\u00e9ellement ou virtuellement, par exemple avec les applications d\u00e9velopp\u00e9es sur <a href=\"https:\/\/www.mathix.org\/equation-anim\/\">mathix.org<\/a> ou sur <a href=\"https:\/\/polypad.amplify.com\/fr\/p#balance\">Polypad<\/a> ), ils int\u00e8grent la propri\u00e9t\u00e9 fondamentale des \u00e9galit\u00e9s : ce que l&rsquo;on ajoute ou retire d&rsquo;un c\u00f4t\u00e9 doit \u00eatre ajout\u00e9 ou retir\u00e9 de l&rsquo;autre pour maintenir l&rsquo;\u00e9quilibre. La transition p\u00e9dagogique s&rsquo;op\u00e8re ensuite en passant du mod\u00e8le de la balance, dont le dessin peut s&rsquo;av\u00e9rer laborieux, au trac\u00e9 du sch\u00e9ma en barres, beaucoup plus rapide et efficace.<\/p>\n\n\n\n<p class=\"wp-block-paragraph\">Ainsi, sans formalisation forc\u00e9e, l\u2019\u00e9criture alg\u00e9brique finit par s\u2019imposer d&rsquo;elle-m\u00eame. Les \u00e9l\u00e8ves, ayant compris la signification profonde du signe \u00ab\u00a0=\u00a0\u00bb non plus comme une touche \u00ab\u00a0d\u2019ex\u00e9cution\u00a0\u00bb mais comme un \u00e9tat d&rsquo;\u00e9quilibre, sont s\u00e9duits par la rapidit\u00e9 de l&rsquo;\u00e9criture litt\u00e9rale. Les sch\u00e9mas en barres, travaill\u00e9s en amont, les habituent d&rsquo;ailleurs \u00e0 conserver l&rsquo;inconnue \u00e0 sa place initiale dans l&rsquo;\u00e9quation et \u00e0 proc\u00e9der par op\u00e9rations r\u00e9ciproques, \u00e9vitant ainsi le pi\u00e8ge de vouloir isoler l&rsquo;inconnue imm\u00e9diatement \u00e0 gauche. L&rsquo;inconnue mod\u00e9lis\u00e9e par une brique \u00ab\u00a0?\u00a0\u00bb au cycle 3 se transforme alors tout naturellement en une lettre au cycle 4.<\/p>\n\n\n\n<p class=\"wp-block-paragraph\">En r\u00e9conciliant les apprenants avec la sch\u00e9matisation via ces manipulations visuelles, nous leur offrons un tremplin solide vers l\u2019abstraction, indispensable pour la r\u00e9solution de probl\u00e8mes plus complexes au coll\u00e8ge et au lyc\u00e9e. Pour poursuivre ce travail, r\u00e9investir ces sch\u00e9mas et confronter les \u00e9l\u00e8ves \u00e0 des \u00e9nonc\u00e9s complets structur\u00e9s autour des grandes typologies d\u2019op\u00e9rations, vous pouvez vous appuyer sur ce livret d\u00e9di\u00e9 : <a href=\"https:\/\/drive.google.com\/file\/d\/1QwcZIfiLWcdL-_IQ-ttVKZm-xyGSTV2e\/view\">&nbsp;Fichier de R\u00e9solution de Probl\u00e8mes au Cycle 3 &#8211; Maths974<\/a>.<\/p>\n\n\n\n<p class=\"wp-block-paragraph\"><\/p>\n\n\n\n<p class=\"wp-block-paragraph\">Claire LAGARDE, professeure de math\u00e9matiques au coll\u00e8ge Michel DEBR\u00c9 et charg\u00e9 de mission d&rsquo;aide \u00e0 l&rsquo;inspection,<\/p>\n\n\n\n<p class=\"wp-block-paragraph\">Gwena\u00ebl BOURGAULT, professeur de math\u00e9matiques au coll\u00e8ge Paul HERMANN<\/p>\n\n\n\n<p class=\"wp-block-paragraph\"><\/p>\n\n\n\n<h3 class=\"wp-block-heading\"><strong>\u00c0 venir<\/strong><\/h3>\n\n\n\n<p class=\"wp-block-paragraph\">Une proposition de progression pour le cycle 4 et la seconde, avec des nombres relatifs.<\/p>\n\n\n\n<h3 class=\"wp-block-heading\"><strong>Lien<\/strong><\/h3>\n\n\n\n<p class=\"wp-block-paragraph\">Lien vers le domaine SPLAT! du site Maths&amp;GO : <a href=\"https:\/\/mathsgo.re\/splat\">https:\/\/mathsgo.re\/splat<\/a><\/p>\n\n\n\n<figure class=\"wp-block-image aligncenter size-full is-resized\"><img loading=\"lazy\" decoding=\"async\" width=\"450\" height=\"446\" src=\"https:\/\/iremi.univ-reunion.fr\/wp-content\/uploads\/2026\/09\/image-5.png\" alt=\"\" class=\"wp-image-2351\" style=\"aspect-ratio:1.0076335877862594;width:132px;height:auto\" srcset=\"https:\/\/iremi.univ-reunion.fr\/wp-content\/uploads\/2026\/09\/image-5.png 450w, https:\/\/iremi.univ-reunion.fr\/wp-content\/uploads\/2026\/09\/image-5-150x150.png 150w, https:\/\/iremi.univ-reunion.fr\/wp-content\/uploads\/2026\/09\/image-5-300x297.png 300w\" sizes=\"auto, (max-width: 450px) 100vw, 450px\" \/><\/figure>\n\n\n\n<h3 class=\"wp-block-heading\"><strong>R\u00e9f\u00e9rences<\/strong><\/h3>\n\n\n\n<p class=\"wp-block-paragraph\">[1] Olivier LEBRETON, <a href=\"https:\/\/shs.cairn.info\/revue-recherches-en-didactiques-2025-1-2-page-339?lang=fr\"><em>Construire et manipuler des sch\u00e9mas en barres pour r\u00e9soudre des probl\u00e8mes de partage in\u00e9gal en cycle 3 et favoriser le d\u00e9veloppement de la pens\u00e9e alg\u00e9brique<\/em><\/a><\/p>\n\n\n\n<p class=\"wp-block-paragraph\">[2] Les <a href=\"https:\/\/eduscol.education.gouv.fr\/5712\/ressources-d-accompagnement-du-programme-de-mathematiques-au-cycle-3\">guides<\/a> Eduscol pour la r\u00e9solution de probl\u00e8mes &#8211; Cours Moyen et Coll\u00e8ge<\/p>\n\n\n\n<h3 class=\"wp-block-heading\"><strong>Remerciements<\/strong><\/h3>\n\n\n\n<p class=\"wp-block-paragraph\">Les travaux de cet atelier sont le fruit de plusieurs ann\u00e9es de r\u00e9flexion et d\u2019exp\u00e9rimentations men\u00e9es au c\u0153ur des classes. Ce cheminement p\u00e9dagogique, jalonn\u00e9 de belles r\u00e9ussites mais aussi d&rsquo;ajustements n\u00e9cessaires, nous a naturellement guid\u00e9s vers les approches pr\u00e9sent\u00e9es ici.<\/p>\n\n\n\n<p class=\"wp-block-paragraph\">Si la liste de toutes les personnes ayant nourri ce travail est longue, nous tenons \u00e0 adresser nos remerciements les plus sinc\u00e8res \u00e0 :<\/p>\n\n\n\n<ul class=\"wp-block-list\">\n<li>Mme Genevi\u00e8ve JEAN-MARIE et M. Jean-Fran\u00e7ois OGNARD, nos chefs d\u2019\u00e9tablissement, pour leur confiance ind\u00e9fectible et la libert\u00e9 p\u00e9dagogique qu&rsquo;ils nous ont accord\u00e9e pour mener \u00e0 bien ces exp\u00e9rimentations sur le terrain ;<\/li>\n\n\n\n<li>Mme Val\u00e9rie BERNARD, M. David MICHEL, et M. Patrick COURTIN, inspecteurs d&rsquo;acad\u00e9mie &#8211; inspecteurs p\u00e9dagogiques r\u00e9gionaux (IA-IPR) de math\u00e9matiques. Une mention toute particuli\u00e8re \u00e0 M. Patrick COURTIN, pilote du Plan Math\u00e9matiques, pour son soutien constant et sa fervente d\u00e9fense des sch\u00e9mas en barres ;<\/li>\n\n\n\n<li>M. Laurent PIETRI, Inspecteur de l&rsquo;\u00c9ducation Nationale (IEN) de la circonscription, qui a grandement facilit\u00e9 et dynamis\u00e9 la liaison inter-degr\u00e9s et la collaboration avec les professeurs des \u00e9coles ;<\/li>\n\n\n\n<li>Mme Emmanuelle POTHIN, professeure de math\u00e9matiques et formatrice acad\u00e9mique, alli\u00e9e de la premi\u00e8re heure dans notre r\u00e9flexion didactique sur l\u2019utilisation des sch\u00e9mas en barres ;<\/li>\n\n\n\n<li>M. Olivier LEBRETON, formateur titulaire en math\u00e9matiques \u00e0 l\u2019INSP\u00c9 de La R\u00e9union, chercheur associ\u00e9 au laboratoire ICARE, dont l&rsquo;expertise nous a apport\u00e9 un \u00e9clairage pr\u00e9cieux sur le d\u00e9veloppement de la pens\u00e9e alg\u00e9brique ;<\/li>\n\n\n\n<li>L&rsquo;ensemble des professeurs de l\u2019Unit\u00e9 Apprenante Michel DEBR\u00c9, pour leur enthousiasme \u00e0 tester et enrichir nos outils. Nous pensons tout particuli\u00e8rement \u00e0 Mme Sandrine TESSIER, coordonnatrice du r\u00e9seau, qui a rendu possibles nos temps d&rsquo;\u00e9changes et d&rsquo;observations crois\u00e9es ;<\/li>\n\n\n\n<li>Les membres de l\u2019IREMI de La R\u00e9union : leurs questionnements constructifs et leur regard exigeant \u2014 parfois dubitatif au d\u00e9part face aux sch\u00e9mas en barres ! \u2014 nous ont pouss\u00e9s \u00e0 affiner et \u00e0 consolider notre r\u00e9flexion ;<\/li>\n\n\n\n<li>Enfin, les professeurs de math\u00e9matiques des coll\u00e8ges accompagn\u00e9s dans le cadre du Plan Math\u00e9matiques (Paul HERMANN, Harry GRUCHET, Henri MATISSE, Jeanne BARRET, Ravine des Cabris, Jean LAFOSSE, Leconte DELISLE), qui ont tous contribu\u00e9 \u00e0 faire avancer la r\u00e9flexion.<\/li>\n<\/ul>\n","protected":false},"excerpt":{"rendered":"<p>R\u00e9sum\u00e9 : La r\u00e9solution de probl\u00e8mes constitue l\u2019activit\u00e9 principale de l\u2019apprentissage des math\u00e9matiques, permettant ainsi de d\u00e9velopper les comp\u00e9tences fondamentales li\u00e9es \u00e0 cette discipline. Cependant, elle repr\u00e9sente un obstacle pour les \u00e9l\u00e8ves. Il est donc n\u00e9cessaire de s\u2019interroger sur les leviers possibles afin d\u2019aider les \u00e9l\u00e8ves \u00e0 surmonter leurs difficult\u00e9s. Depuis l&rsquo;introduction de l\u2019alg\u00e8bre d\u00e8s [&hellip;]<\/p>\n","protected":false},"author":9,"featured_media":0,"comment_status":"open","ping_status":"open","sticky":false,"template":"","format":"standard","meta":{"footnotes":""},"categories":[3],"tags":[30,114,52,115],"coauthors":[103],"class_list":["post-2344","post","type-post","status-publish","format-standard","hentry","category-arithmetique-et-algebre","tag-cycle-3","tag-pensee-algebrique","tag-resolution-de-problemes","tag-schemas-en-barres"],"_links":{"self":[{"href":"https:\/\/iremi.univ-reunion.fr\/index.php?rest_route=\/wp\/v2\/posts\/2344","targetHints":{"allow":["GET"]}}],"collection":[{"href":"https:\/\/iremi.univ-reunion.fr\/index.php?rest_route=\/wp\/v2\/posts"}],"about":[{"href":"https:\/\/iremi.univ-reunion.fr\/index.php?rest_route=\/wp\/v2\/types\/post"}],"author":[{"embeddable":true,"href":"https:\/\/iremi.univ-reunion.fr\/index.php?rest_route=\/wp\/v2\/users\/9"}],"replies":[{"embeddable":true,"href":"https:\/\/iremi.univ-reunion.fr\/index.php?rest_route=%2Fwp%2Fv2%2Fcomments&post=2344"}],"version-history":[{"count":10,"href":"https:\/\/iremi.univ-reunion.fr\/index.php?rest_route=\/wp\/v2\/posts\/2344\/revisions"}],"predecessor-version":[{"id":2376,"href":"https:\/\/iremi.univ-reunion.fr\/index.php?rest_route=\/wp\/v2\/posts\/2344\/revisions\/2376"}],"wp:attachment":[{"href":"https:\/\/iremi.univ-reunion.fr\/index.php?rest_route=%2Fwp%2Fv2%2Fmedia&parent=2344"}],"wp:term":[{"taxonomy":"category","embeddable":true,"href":"https:\/\/iremi.univ-reunion.fr\/index.php?rest_route=%2Fwp%2Fv2%2Fcategories&post=2344"},{"taxonomy":"post_tag","embeddable":true,"href":"https:\/\/iremi.univ-reunion.fr\/index.php?rest_route=%2Fwp%2Fv2%2Ftags&post=2344"},{"taxonomy":"author","embeddable":true,"href":"https:\/\/iremi.univ-reunion.fr\/index.php?rest_route=%2Fwp%2Fv2%2Fcoauthors&post=2344"}],"curies":[{"name":"wp","href":"https:\/\/api.w.org\/{rel}","templated":true}]}}