{"id":2285,"date":"2026-08-31T11:31:58","date_gmt":"2026-08-31T07:31:58","guid":{"rendered":"https:\/\/iremi.univ-reunion.fr\/?p=2285"},"modified":"2026-08-31T12:00:21","modified_gmt":"2026-08-31T08:00:21","slug":"calendrier-2026-2027","status":"publish","type":"post","link":"https:\/\/iremi.univ-reunion.fr\/?p=2285","title":{"rendered":"Calendrier 2026-2027"},"content":{"rendered":"\n<p class=\"wp-block-paragraph\">Le calendrier ci-dessous est une proposition de dates et pourra \u00e9voluer en fonction des t\u00e9lescopages avec d&rsquo;autres \u00e9v\u00e8nements. <\/p>\n\n\n\n<ul class=\"wp-block-list\">\n<li>jour : mercredi<\/li>\n\n\n\n<li>lieux : PTU (Parc Technologique Universitaire) ou Campus du Tampon ; les salles seront pr\u00e9cis\u00e9es \u00e0 chaque s\u00e9minaire<\/li>\n\n\n\n<li>horaire : 14h-18h en g\u00e9n\u00e9ral<\/li>\n<\/ul>\n\n\n\n<p class=\"wp-block-paragraph\">8 s\u00e9minaires pr\u00e9vus et 1 forum Math&rsquo;nipulez! :<\/p>\n\n\n\n<ul class=\"wp-block-list\">\n<li>16 sept. 2026, S\u00e9minaire de rentr\u00e9e, PTU Saint-Denis<\/li>\n\n\n\n<li>7 oct. 2026, Campus du Tampon<\/li>\n\n\n\n<li>18 nov. 2026, PTU<\/li>\n\n\n\n<li>16 d\u00e9c. 2026, Campus du Tampon<\/li>\n\n\n\n<li>17 f\u00e9v. 2027, PTU<\/li>\n\n\n\n<li>mars : forum Math&rsquo;nipulez!<\/li>\n\n\n\n<li>21 avr. 2027, PTU<\/li>\n\n\n\n<li>19 mai 2027, Campus du Tampon<\/li>\n\n\n\n<li>23 juin 2027, S\u00e9minaire bilan et pr\u00e9paration ateliers 2027-2028, PTU<\/li>\n<\/ul>\n\n\n\n<p class=\"wp-block-paragraph\"><\/p>\n","protected":false},"excerpt":{"rendered":"<p>Le calendrier ci-dessous est une proposition de dates et pourra \u00e9voluer en fonction des t\u00e9lescopages avec d&rsquo;autres \u00e9v\u00e8nements. 8 s\u00e9minaires pr\u00e9vus et 1 forum Math&rsquo;nipulez! :<\/p>\n","protected":false},"author":4,"featured_media":0,"comment_status":"open","ping_status":"open","sticky":true,"template":"","format":"standard","meta":{"footnotes":""},"categories":[21],"tags":[],"coauthors":[39],"class_list":["post-2285","post","type-post","status-publish","format-standard","hentry","category-le-seminaire"],"_links":{"self":[{"href":"https:\/\/iremi.univ-reunion.fr\/index.php?rest_route=\/wp\/v2\/posts\/2285","targetHints":{"allow":["GET"]}}],"collection":[{"href":"https:\/\/iremi.univ-reunion.fr\/index.php?rest_route=\/wp\/v2\/posts"}],"about":[{"href":"https:\/\/iremi.univ-reunion.fr\/index.php?rest_route=\/wp\/v2\/types\/post"}],"author":[{"embeddable":true,"href":"https:\/\/iremi.univ-reunion.fr\/index.php?rest_route=\/wp\/v2\/users\/4"}],"replies":[{"embeddable":true,"href":"https:\/\/iremi.univ-reunion.fr\/index.php?rest_route=%2Fwp%2Fv2%2Fcomments&post=2285"}],"version-history":[{"count":1,"href":"https:\/\/iremi.univ-reunion.fr\/index.php?rest_route=\/wp\/v2\/posts\/2285\/revisions"}],"predecessor-version":[{"id":2286,"href":"https:\/\/iremi.univ-reunion.fr\/index.php?rest_route=\/wp\/v2\/posts\/2285\/revisions\/2286"}],"wp:attachment":[{"href":"https:\/\/iremi.univ-reunion.fr\/index.php?rest_route=%2Fwp%2Fv2%2Fmedia&parent=2285"}],"wp:term":[{"taxonomy":"category","embeddable":true,"href":"https:\/\/iremi.univ-reunion.fr\/index.php?rest_route=%2Fwp%2Fv2%2Fcategories&post=2285"},{"taxonomy":"post_tag","embeddable":true,"href":"https:\/\/iremi.univ-reunion.fr\/index.php?rest_route=%2Fwp%2Fv2%2Ftags&post=2285"},{"taxonomy":"author","embeddable":true,"href":"https:\/\/iremi.univ-reunion.fr\/index.php?rest_route=%2Fwp%2Fv2%2Fcoauthors&post=2285"}],"curies":[{"name":"wp","href":"https:\/\/api.w.org\/{rel}","templated":true}]}}