{"id":1428,"date":"2025-11-13T14:11:59","date_gmt":"2025-11-13T10:11:59","guid":{"rendered":"https:\/\/iremi.univ-reunion.fr\/?p=1428"},"modified":"2026-04-23T10:47:16","modified_gmt":"2026-04-23T06:47:16","slug":"camp-zabey","status":"publish","type":"post","link":"https:\/\/iremi.univ-reunion.fr\/?p=1428","title":{"rendered":"Camp ZAB\u00c8Y"},"content":{"rendered":"\n<p><strong>5 jours d&rsquo;immersion dans la culture scientifique et math\u00e9matique.<\/strong>&#8230;<\/p>\n\n\n\n<p class=\"has-text-align-center\"><strong>r\u00e9serv\u00e9 aux lyc\u00e9ennes exclusivement<\/strong><\/p>\n\n\n\n<p>du<strong> 3 au 8 mai 2026<\/strong> \u00e0 l&rsquo;<strong>Observatoire des Makes<\/strong><\/p>\n\n\n\n<figure class=\"wp-block-image size-large\"><img loading=\"lazy\" decoding=\"async\" width=\"724\" height=\"1024\" src=\"https:\/\/iremi.univ-reunion.fr\/wp-content\/uploads\/2025\/11\/CAMP-ZABEY-724x1024.jpg\" alt=\"\" class=\"wp-image-1513\" srcset=\"https:\/\/iremi.univ-reunion.fr\/wp-content\/uploads\/2025\/11\/CAMP-ZABEY-724x1024.jpg 724w, https:\/\/iremi.univ-reunion.fr\/wp-content\/uploads\/2025\/11\/CAMP-ZABEY-212x300.jpg 212w, https:\/\/iremi.univ-reunion.fr\/wp-content\/uploads\/2025\/11\/CAMP-ZABEY-768x1086.jpg 768w, https:\/\/iremi.univ-reunion.fr\/wp-content\/uploads\/2025\/11\/CAMP-ZABEY-1086x1536.jpg 1086w, https:\/\/iremi.univ-reunion.fr\/wp-content\/uploads\/2025\/11\/CAMP-ZABEY.jpg 1414w\" sizes=\"auto, (max-width: 724px) 100vw, 724px\" \/><\/figure>\n\n\n\n<p><strong>N&rsquo;h\u00e9sitez pas \u00e0 partager l&rsquo;affiche dans vos \u00e9tablissements! <\/strong><\/p>\n\n\n\n<p>Le format de ce stage est calqu\u00e9 sur les stages <strong>LES CIGALES <\/strong>qui ont lieu depuis 10 ans au CIRM, \u00e0 Marseille. Pour d\u00e9couvrir ces stages en vid\u00e9os, c&rsquo;est par l\u00e0: <a href=\"https:\/\/www.youtube.com\/watch?v=0PeoV_cpFao\">https:\/\/www.youtube.com\/watch?v=0PeoV_cpFao<\/a><\/p>\n\n\n\n<p>24 lyc\u00e9ennes ont \u00e9t\u00e9 choisies. La s\u00e9l\u00e9ction a \u00e9t\u00e9 difficile. Nous avons re\u00e7u plus de 150 dossiers&#8230; Nous avons pris le parti de choisir une \u00e9l\u00e8ve par lyc\u00e9e&#8230;<\/p>\n\n\n\n<p><\/p>\n\n\n\n<p>Ce programme est soutenu par l&rsquo;Universit\u00e9 de la R\u00e9union et la facult\u00e9 des Sciences et Technologies, le CNRS, Le CIRM, Math C2+, La Fondation Blaise Pascal, l&rsquo;universit\u00e9 Gustave Eiffel et l&rsquo;Institut de Math\u00e9matiques de Marseille.<\/p>\n\n\n\n<p><strong>Le programme pr\u00e9visionnel de la semaine<\/strong><\/p>\n\n\n\n<figure class=\"wp-block-image size-full\"><img loading=\"lazy\" decoding=\"async\" width=\"1022\" height=\"756\" src=\"https:\/\/iremi.univ-reunion.fr\/wp-content\/uploads\/2025\/11\/ZABEY-ProgrammePrevisionnel.png\" alt=\"\" class=\"wp-image-2076\" srcset=\"https:\/\/iremi.univ-reunion.fr\/wp-content\/uploads\/2025\/11\/ZABEY-ProgrammePrevisionnel.png 1022w, https:\/\/iremi.univ-reunion.fr\/wp-content\/uploads\/2025\/11\/ZABEY-ProgrammePrevisionnel-300x222.png 300w, https:\/\/iremi.univ-reunion.fr\/wp-content\/uploads\/2025\/11\/ZABEY-ProgrammePrevisionnel-768x568.png 768w\" sizes=\"auto, (max-width: 1022px) 100vw, 1022px\" \/><\/figure>\n\n\n\n<p><strong>La conf\u00e9rence de Merieme Chadid du 5 mai \u00e0 l&rsquo;ESIROI est gratuite et accessible au grand public<\/strong><\/p>\n\n\n\n<figure class=\"wp-block-image size-full\"><img loading=\"lazy\" decoding=\"async\" width=\"904\" height=\"344\" src=\"https:\/\/iremi.univ-reunion.fr\/wp-content\/uploads\/2025\/11\/M-Chadidd.png\" alt=\"\" class=\"wp-image-2078\" srcset=\"https:\/\/iremi.univ-reunion.fr\/wp-content\/uploads\/2025\/11\/M-Chadidd.png 904w, https:\/\/iremi.univ-reunion.fr\/wp-content\/uploads\/2025\/11\/M-Chadidd-300x114.png 300w, https:\/\/iremi.univ-reunion.fr\/wp-content\/uploads\/2025\/11\/M-Chadidd-768x292.png 768w\" sizes=\"auto, (max-width: 904px) 100vw, 904px\" \/><\/figure>\n\n\n\n<p>Lien pour s&rsquo;y inscrire <a href=\"https:\/\/recherche.univ-reunion.fr\/actualites-du-site-recherche\/conference-merieme-chadid\">https:\/\/recherche.univ-reunion.fr\/actualites-du-site-recherche\/conference-merieme-chadid<\/a><\/p>\n\n\n\n<p>Astronome, astrophysicienne et exploratrice, Merieme Chadid est leader et fondatrice de l\u2019astronomie polaire. Elle invite le public \u00e0 un voyage scientifique et humain aux fronti\u00e8res du monde. \u00c0 travers son parcours et ses exp\u00e9ditions en Antarctique, elle montrera comment les r\u00e9gions polaires offrent des conditions uniques pour explorer l\u2019Univers.<\/p>\n\n\n\n<p>Une conf\u00e9rence entre science, exploration et inspiration.<\/p>\n","protected":false},"excerpt":{"rendered":"<p>5 jours d&rsquo;immersion dans la culture scientifique et math\u00e9matique.&#8230; r\u00e9serv\u00e9 aux lyc\u00e9ennes exclusivement du 3 au 8 mai 2026 \u00e0 l&rsquo;Observatoire des Makes N&rsquo;h\u00e9sitez pas \u00e0 partager l&rsquo;affiche dans vos \u00e9tablissements! Le format de ce stage est calqu\u00e9 sur les stages LES CIGALES qui ont lieu depuis 10 ans au CIRM, \u00e0 Marseille. Pour d\u00e9couvrir [&hellip;]<\/p>\n","protected":false},"author":2,"featured_media":0,"comment_status":"open","ping_status":"open","sticky":false,"template":"","format":"standard","meta":{"footnotes":""},"categories":[11],"tags":[],"coauthors":[41],"class_list":["post-1428","post","type-post","status-publish","format-standard","hentry","category-concours-et-evenements"],"_links":{"self":[{"href":"https:\/\/iremi.univ-reunion.fr\/index.php?rest_route=\/wp\/v2\/posts\/1428","targetHints":{"allow":["GET"]}}],"collection":[{"href":"https:\/\/iremi.univ-reunion.fr\/index.php?rest_route=\/wp\/v2\/posts"}],"about":[{"href":"https:\/\/iremi.univ-reunion.fr\/index.php?rest_route=\/wp\/v2\/types\/post"}],"author":[{"embeddable":true,"href":"https:\/\/iremi.univ-reunion.fr\/index.php?rest_route=\/wp\/v2\/users\/2"}],"replies":[{"embeddable":true,"href":"https:\/\/iremi.univ-reunion.fr\/index.php?rest_route=%2Fwp%2Fv2%2Fcomments&post=1428"}],"version-history":[{"count":13,"href":"https:\/\/iremi.univ-reunion.fr\/index.php?rest_route=\/wp\/v2\/posts\/1428\/revisions"}],"predecessor-version":[{"id":2079,"href":"https:\/\/iremi.univ-reunion.fr\/index.php?rest_route=\/wp\/v2\/posts\/1428\/revisions\/2079"}],"wp:attachment":[{"href":"https:\/\/iremi.univ-reunion.fr\/index.php?rest_route=%2Fwp%2Fv2%2Fmedia&parent=1428"}],"wp:term":[{"taxonomy":"category","embeddable":true,"href":"https:\/\/iremi.univ-reunion.fr\/index.php?rest_route=%2Fwp%2Fv2%2Fcategories&post=1428"},{"taxonomy":"post_tag","embeddable":true,"href":"https:\/\/iremi.univ-reunion.fr\/index.php?rest_route=%2Fwp%2Fv2%2Ftags&post=1428"},{"taxonomy":"author","embeddable":true,"href":"https:\/\/iremi.univ-reunion.fr\/index.php?rest_route=%2Fwp%2Fv2%2Fcoauthors&post=1428"}],"curies":[{"name":"wp","href":"https:\/\/api.w.org\/{rel}","templated":true}]}}